{"id":13076,"date":"2025-06-06T08:34:25","date_gmt":"2025-06-06T06:34:25","guid":{"rendered":"https:\/\/loswiebodzice.net\/webn\/?p=13076"},"modified":"2025-06-06T10:14:32","modified_gmt":"2025-06-06T08:14:32","slug":"13076","status":"publish","type":"post","link":"https:\/\/loswiebodzice.net\/webn\/?p=13076","title":{"rendered":"LEPSZA SZKO\u0141A BLISKO DOMU!"},"content":{"rendered":"<p style=\"text-align: center;\"><strong>LEPSZA SZKO\u0141A BLISKO DOMU!\u00a0\u00a0\u00a0 <\/strong><\/p>\n<p style=\"text-align: center;\"><strong><u>LICEUM OG\u00d3LNOKSZTA\u0141C\u0104CE IM. M. KONOPNICKIEJ W \u015aWIEBODZICACH ZAPRASZA!<\/u><\/strong><\/p>\n<p>Od 19 maja 2025r. trwa rekrutacja do klas pierwszych szk\u00f3\u0142 ponadpodstawowych. Do 23 czerwca 2025r. trwa pierwszy etap t.j. rejestracja kandydat\u00f3w w systemie na platformie <a href=\"https:\/\/dolnoslaskie.edu.com.pl\" target=\"_blank\" rel=\"noopener\"><strong>https:\/\/dolnoslaskie.edu.com.pl<\/strong><\/a> oraz wyb\u00f3r szk\u00f3\u0142. Zapraszamy \u00f3smoklasist\u00f3w i ich rodzic\u00f3w do zapoznania si\u0119 z ofert\u0105 edukacyjn\u0105 Liceum Og\u00f3lnokszta\u0142c\u0105cego im. M. Konopnickiej w \u015awiebodzicach na rok szkolny 2025\/2026. Znajd\u0105 j\u0105 Pa\u0144stwo pod linkiem <a href=\"https:\/\/rekrutacja.loswiebodzice.net\/\" target=\"_blank\" rel=\"noopener\">https:\/\/rekrutacja.loswiebodzice.net\/<\/a><\/p>\n<p>Zach\u0119camy do odwiedzania strony naszej szko\u0142y <a href=\"https:\/\/loswiebodzice.net\">https:\/\/loswiebodzice.net<\/a> oraz szkolnego Facebooka <a href=\"https:\/\/www.facebook.com\/liceum.swiebodzice\" target=\"_blank\" rel=\"noopener\">https:\/\/www.facebook.com\/liceum.swiebodzice<\/a><\/p>\n","protected":false},"excerpt":{"rendered":"<p>LEPSZA SZKO\u0141A BLISKO DOMU!\u00a0\u00a0\u00a0 LICEUM OG\u00d3LNOKSZTA\u0141C\u0104CE IM. M. KONOPNICKIEJ W \u015aWIEBODZICACH ZAPRASZA! Od 19 maja 2025r. trwa rekrutacja do klas pierwszych szk\u00f3\u0142 ponadpodstawowych. Do 23 czerwca 2025r. trwa pierwszy etap t.j. rejestracja kandydat\u00f3w w&#46;&#46;&#46;<\/p>\n","protected":false},"author":2,"featured_media":13064,"comment_status":"closed","ping_status":"closed","sticky":false,"template":"","format":"standard","meta":{"footnotes":"","_links_to":"","_links_to_target":""},"categories":[50],"tags":[],"class_list":["post-13076","post","type-post","status-publish","format-standard","has-post-thumbnail","hentry","category-50"],"_links":{"self":[{"href":"https:\/\/loswiebodzice.net\/webn\/index.php?rest_route=\/wp\/v2\/posts\/13076","targetHints":{"allow":["GET"]}}],"collection":[{"href":"https:\/\/loswiebodzice.net\/webn\/index.php?rest_route=\/wp\/v2\/posts"}],"about":[{"href":"https:\/\/loswiebodzice.net\/webn\/index.php?rest_route=\/wp\/v2\/types\/post"}],"author":[{"embeddable":true,"href":"https:\/\/loswiebodzice.net\/webn\/index.php?rest_route=\/wp\/v2\/users\/2"}],"replies":[{"embeddable":true,"href":"https:\/\/loswiebodzice.net\/webn\/index.php?rest_route=%2Fwp%2Fv2%2Fcomments&post=13076"}],"version-history":[{"count":2,"href":"https:\/\/loswiebodzice.net\/webn\/index.php?rest_route=\/wp\/v2\/posts\/13076\/revisions"}],"predecessor-version":[{"id":13078,"href":"https:\/\/loswiebodzice.net\/webn\/index.php?rest_route=\/wp\/v2\/posts\/13076\/revisions\/13078"}],"wp:featuredmedia":[{"embeddable":true,"href":"https:\/\/loswiebodzice.net\/webn\/index.php?rest_route=\/wp\/v2\/media\/13064"}],"wp:attachment":[{"href":"https:\/\/loswiebodzice.net\/webn\/index.php?rest_route=%2Fwp%2Fv2%2Fmedia&parent=13076"}],"wp:term":[{"taxonomy":"category","embeddable":true,"href":"https:\/\/loswiebodzice.net\/webn\/index.php?rest_route=%2Fwp%2Fv2%2Fcategories&post=13076"},{"taxonomy":"post_tag","embeddable":true,"href":"https:\/\/loswiebodzice.net\/webn\/index.php?rest_route=%2Fwp%2Fv2%2Ftags&post=13076"}],"curies":[{"name":"wp","href":"https:\/\/api.w.org\/{rel}","templated":true}]}}