{"id":13093,"date":"2025-06-24T22:19:13","date_gmt":"2025-06-24T20:19:13","guid":{"rendered":"https:\/\/loswiebodzice.net\/webn\/?p=13093"},"modified":"2025-06-30T22:21:35","modified_gmt":"2025-06-30T20:21:35","slug":"mlodziez-swiebodzickiego-ogolniaka-uczestniczyla-w-obradach-europejskiego-parlamentu-mlodziezy","status":"publish","type":"post","link":"https:\/\/loswiebodzice.net\/webn\/?p=13093","title":{"rendered":"M\u0142odzie\u017c \u015bwiebodzickiego og\u00f3lniaka uczestniczy\u0142a w obradach Europejskiego Parlamentu M\u0142odzie\u017cy!"},"content":{"rendered":"<div dir=\"auto\">Uczennice \u015bwiebodzickiego liceum HANNA GIEZEK z klasy 2c oraz ANNA ZDUN z klasy 2a mia\u0142y okazj\u0119 pozna\u0107 zasady dzia\u0142ania Europejskiego Parlamentu M\u0142odzie\u017cy (European Youth Parliament) podczas dwudniowej sesji Outreach Weekend, kt\u00f3ra odby\u0142a si\u0119 w dniach 6-7 czerwca w Akademii Nauk Stosowanych w Wa\u0142brzychu. Ta wyj\u0105tkowa inicjatywa stricte m\u0142odych, zaanga\u017cowanych ludzi mia\u0142a podw\u00f3jny edukacyjno- spo\u0142eczny aspekt. Edukacyjny, bo, po pierwsze, przez dwa dni m\u0142odzi ludzie z r\u00f3\u017cnych szk\u00f3\u0142 \u015brednich debatowali nad tak wa\u017cnymi tematami jak: r\u00f3wnouprawnienie p\u0142ci, kryzys mieszkaniowy, czy te\u017c dezinformacja w mediach spo\u0142eczno\u015bciowych. Po drugie, dwudniowe obrady na wz\u00f3r realnych obrad Parlamentu Europejskiego odbywa\u0142y si\u0119 wy\u0142\u0105cznie w j\u0119zyku angielskim: podczas poznawania si\u0119, pracy w komitetach, na zebraniu walnym (General Assembly) i w rozmowach nieformalnych! Aspekt spo\u0142eczny obejmowa\u0142 budowanie zespo\u0142\u00f3w roboczych, podzia\u0142 pracy w zespo\u0142ach i podczas prezentacji wniosk\u00f3w.<\/div>\n<div dir=\"auto\">Nasze uczennice Hania i Ania uczestniczy\u0142y w najmniejszym w trzystopniowej skali wydarzeniu \u2013 dwudniowym \u2013 organizowanym w ma\u0142ych o\u015brodkach w r\u00f3\u017cnych regionach kraju. Zainteresowani mog\u0105 wzi\u0105\u0107 udzia\u0142 w 3-dniowych obradach regionalnych EYP w wi\u0119kszych miastach Polski oraz 5- dniowych, kt\u00f3re odbywaj\u0105 si\u0119 jeden raz w roku i skupiaj\u0105 delegat\u00f3w z ca\u0142ej Polski i wolontariuszy z r\u00f3\u017cnych kraj\u00f3w, a wi\u0119c zaanga\u017cowanie si\u0119 w projekt umo\u017cliwia podr\u00f3\u017cowanie i poznawanie nowych przyjaci\u00f3\u0142 w ca\u0142ej Europie.<\/div>\n<div dir=\"auto\">Hania i Ania zaprezentowa\u0142y si\u0119 spektakularnie na ka\u017cdym etapie tego przedsi\u0119wzi\u0119cia: najpierw podczas obrad w komitetach, a potem na zebraniu walnym, a Ich umiej\u0119tno\u015bci j\u0119zykowe i wnioski w dyskutowanych tematach zrobi\u0142y ogromne wra\u017cenie, wi\u0119c naprawd\u0119 nale\u017c\u0105 Im si\u0119 ogromne brawa!!!<\/div>\n<div dir=\"auto\">Zainteresowanych udzia\u0142em w obradach Europejskiego Parlamentu M\u0142odzie\u017cy odsy\u0142amy do strony projektu: <span class=\"html-span xdj266r x14z9mp xat24cr x1lziwak xexx8yu xyri2b x18d9i69 x1c1uobl x1hl2dhg x16tdsg8 x1vvkbs\"><a class=\"x1i10hfl xjbqb8w x1ejq31n x18oe1m7 x1sy0etr xstzfhl x972fbf x10w94by x1qhh985 x14e42zd x9f619 x1ypdohk xt0psk2 xe8uvvx xdj266r x14z9mp xat24cr x1lziwak xexx8yu xyri2b x18d9i69 x1c1uobl x16tdsg8 x1hl2dhg xggy1nq x1a2a7pz xkrqix3 x1sur9pj x1fey0fg x1s688f\" tabindex=\"0\" role=\"link\" href=\"https:\/\/www.eyppoland.com\/pl\/?fbclid=IwZXh0bgNhZW0CMTAAYnJpZBEwNUY4WlIySHJzQXU0anB4UAEeXcyAs1iYtlfZPKgCPIT09IA-l4mg09obx5Od6rhtxNUlLgzewadkvHoKqas_aem_OfZLJKxUFa3FByspUVbcYA\" target=\"_blank\" rel=\"nofollow noopener noreferrer\">https:\/\/www.eyppoland.com\/pl\/<\/a><\/span>. Mo\u017cna zaaplikowa\u0107 na wolontariusza i na delegata.<\/div>\n<div dir=\"auto\">Zapraszamy!\n\t\t<style type=\"text\/css\">\n\t\t\t#gallery-1 {\n\t\t\t\tmargin: auto;\n\t\t\t}\n\t\t\t#gallery-1 .gallery-item {\n\t\t\t\tfloat: left;\n\t\t\t\tmargin-top: 10px;\n\t\t\t\ttext-align: center;\n\t\t\t\twidth: 33%;\n\t\t\t}\n\t\t\t#gallery-1 img {\n\t\t\t\tborder: 2px solid #cfcfcf;\n\t\t\t}\n\t\t\t#gallery-1 .gallery-caption {\n\t\t\t\tmargin-left: 0;\n\t\t\t}\n\t\t\t\/* see gallery_shortcode() in wp-includes\/media.php *\/\n\t\t<\/style>\n\t\t<div id='gallery-1' class='gallery galleryid-13093 gallery-columns-3 gallery-size-thumbnail'><dl class='gallery-item'>\n\t\t\t<dt class='gallery-icon landscape'>\n\t\t\t\t<a href='https:\/\/loswiebodzice.net\/webn\/wp-content\/uploads\/2025\/06\/510025212_1255701736350674_3700923277874032831_n.jpg'><img loading=\"lazy\" decoding=\"async\" width=\"150\" height=\"150\" src=\"https:\/\/loswiebodzice.net\/webn\/wp-content\/uploads\/2025\/06\/510025212_1255701736350674_3700923277874032831_n-150x150.jpg\" class=\"attachment-thumbnail size-thumbnail\" alt=\"\" srcset=\"https:\/\/loswiebodzice.net\/webn\/wp-content\/uploads\/2025\/06\/510025212_1255701736350674_3700923277874032831_n-150x150.jpg 150w, https:\/\/loswiebodzice.net\/webn\/wp-content\/uploads\/2025\/06\/510025212_1255701736350674_3700923277874032831_n-160x160.jpg 160w\" sizes=\"auto, (max-width: 150px) 100vw, 150px\" \/><\/a>\n\t\t\t<\/dt><\/dl><dl class='gallery-item'>\n\t\t\t<dt class='gallery-icon landscape'>\n\t\t\t\t<a href='https:\/\/loswiebodzice.net\/webn\/wp-content\/uploads\/2025\/06\/510946237_1255701713017343_3863524611399453033_n.jpg'><img loading=\"lazy\" decoding=\"async\" width=\"150\" height=\"150\" src=\"https:\/\/loswiebodzice.net\/webn\/wp-content\/uploads\/2025\/06\/510946237_1255701713017343_3863524611399453033_n-150x150.jpg\" class=\"attachment-thumbnail size-thumbnail\" alt=\"\" srcset=\"https:\/\/loswiebodzice.net\/webn\/wp-content\/uploads\/2025\/06\/510946237_1255701713017343_3863524611399453033_n-150x150.jpg 150w, https:\/\/loswiebodzice.net\/webn\/wp-content\/uploads\/2025\/06\/510946237_1255701713017343_3863524611399453033_n-160x160.jpg 160w\" sizes=\"auto, (max-width: 150px) 100vw, 150px\" \/><\/a>\n\t\t\t<\/dt><\/dl>\n\t\t\t<br style='clear: both' \/>\n\t\t<\/div>\n<\/p>\n<\/div>\n","protected":false},"excerpt":{"rendered":"<p>Uczennice \u015bwiebodzickiego liceum HANNA GIEZEK z klasy 2c oraz ANNA ZDUN z klasy 2a mia\u0142y okazj\u0119 pozna\u0107 zasady dzia\u0142ania Europejskiego Parlamentu M\u0142odzie\u017cy (European Youth Parliament) podczas dwudniowej sesji Outreach Weekend, kt\u00f3ra odby\u0142a si\u0119 w&#46;&#46;&#46;<\/p>\n","protected":false},"author":2,"featured_media":13095,"comment_status":"closed","ping_status":"closed","sticky":false,"template":"","format":"standard","meta":{"footnotes":"","_links_to":"","_links_to_target":""},"categories":[50],"tags":[],"class_list":["post-13093","post","type-post","status-publish","format-standard","has-post-thumbnail","hentry","category-50"],"_links":{"self":[{"href":"https:\/\/loswiebodzice.net\/webn\/index.php?rest_route=\/wp\/v2\/posts\/13093","targetHints":{"allow":["GET"]}}],"collection":[{"href":"https:\/\/loswiebodzice.net\/webn\/index.php?rest_route=\/wp\/v2\/posts"}],"about":[{"href":"https:\/\/loswiebodzice.net\/webn\/index.php?rest_route=\/wp\/v2\/types\/post"}],"author":[{"embeddable":true,"href":"https:\/\/loswiebodzice.net\/webn\/index.php?rest_route=\/wp\/v2\/users\/2"}],"replies":[{"embeddable":true,"href":"https:\/\/loswiebodzice.net\/webn\/index.php?rest_route=%2Fwp%2Fv2%2Fcomments&post=13093"}],"version-history":[{"count":1,"href":"https:\/\/loswiebodzice.net\/webn\/index.php?rest_route=\/wp\/v2\/posts\/13093\/revisions"}],"predecessor-version":[{"id":13096,"href":"https:\/\/loswiebodzice.net\/webn\/index.php?rest_route=\/wp\/v2\/posts\/13093\/revisions\/13096"}],"wp:featuredmedia":[{"embeddable":true,"href":"https:\/\/loswiebodzice.net\/webn\/index.php?rest_route=\/wp\/v2\/media\/13095"}],"wp:attachment":[{"href":"https:\/\/loswiebodzice.net\/webn\/index.php?rest_route=%2Fwp%2Fv2%2Fmedia&parent=13093"}],"wp:term":[{"taxonomy":"category","embeddable":true,"href":"https:\/\/loswiebodzice.net\/webn\/index.php?rest_route=%2Fwp%2Fv2%2Fcategories&post=13093"},{"taxonomy":"post_tag","embeddable":true,"href":"https:\/\/loswiebodzice.net\/webn\/index.php?rest_route=%2Fwp%2Fv2%2Ftags&post=13093"}],"curies":[{"name":"wp","href":"https:\/\/api.w.org\/{rel}","templated":true}]}}